{"id":2098,"date":"2024-06-07T08:44:03","date_gmt":"2024-06-07T08:44:03","guid":{"rendered":"https:\/\/www.profil-global.com\/?p=2098"},"modified":"2024-10-09T13:15:28","modified_gmt":"2024-10-09T13:15:28","slug":"mechanisch-befestigte-funktionselemente-im-automobilbau-28-und-29-februar-2024-in-boeblingen","status":"publish","type":"post","link":"https:\/\/www.profil-global.com\/de\/mechanisch-befestigte-funktionselemente-im-automobilbau-28-und-29-februar-2024-in-boeblingen\/","title":{"rendered":"Mechanisch befestigte Funktionselemente im Automobilbau\u200b 28. und 29. Februar 2024 in B\u00f6blingen\u200b"},"content":{"rendered":"<section class=\"block block-columns margin-small bg-white padding-small wp-block-acf-flexible-columns\">\n  <div class=\"block-wrap\">\n    <div class=\"container \">\n            <div class=\"acf-innerblocks-container\">\n\n<div class=\"wp-block-columns is-layout-flex wp-container-core-columns-is-layout-9d6595d7 wp-block-columns-is-layout-flex\">\n<div class=\"wp-block-column is-layout-flow wp-block-column-is-layout-flow\">\n<p><strong>Grundlagen zur Schraubverbindung \u200b<\/strong><\/p>\n\n\n\n<ul class=\"wp-block-list\">\n<li>Mechanisch gef\u00fcgte Einpresselemente\u200b<\/li>\n\n\n\n<li>Oberfl\u00e4chen und Werkstoffe\u200b<\/li>\n\n\n\n<li>Einsatz im Presswerk \/ Karo-Bau \/ Handeinlage\u200b<\/li>\n\n\n\n<li>Stanzen im warmumgeformten Stahl\u200b<\/li>\n\n\n\n<li>Anwendungen f\u00fcr Batterie und Elektro<\/li>\n<\/ul>\n\n\n\n<p>Wir w\u00fcrden uns freuen, Sie zu unserem Seminar begr\u00fc\u00dfen zu d\u00fcrfen&nbsp;und&nbsp;freuen&nbsp;uns&nbsp;auf&nbsp;spannende&nbsp;Diskussionen&nbsp;und&nbsp;Austausch!<\/p>\n<\/div>\n\n\n\n<div class=\"wp-block-column is-layout-flow wp-block-column-is-layout-flow\">\n<figure class=\"wp-block-image size-full\"><img loading=\"lazy\" decoding=\"async\" width=\"368\" height=\"189\" src=\"https:\/\/www.profil-global.com\/wp-content\/uploads\/2024\/06\/Wilkommen-PROFIL-Motorworld-MAF-Netzwerk-Abend.png\" alt=\"\" class=\"wp-image-2099\" srcset=\"https:\/\/www.profil-global.com\/wp-content\/uploads\/2024\/06\/Wilkommen-PROFIL-Motorworld-MAF-Netzwerk-Abend.png 368w, https:\/\/www.profil-global.com\/wp-content\/uploads\/2024\/06\/Wilkommen-PROFIL-Motorworld-MAF-Netzwerk-Abend-300x154.png 300w\" sizes=\"auto, (max-width: 368px) 100vw, 368px\" \/><\/figure>\n<\/div>\n<\/div>\n\n<\/div>\n    <\/div>\n  <\/div>\n<\/section>\n\n\n<p><strong>In der&nbsp;Motorworld&nbsp;Stuttgart&nbsp;sehen&nbsp;Sie:&nbsp;<\/strong>\u200b<\/p>\n\n\n\n<ul class=\"wp-block-list\">\n<li>Musterteile\u00a0und\u00a0Serienelemente\u00a0sowie\u00a0Demonstratoren\u00a0und\u00a0Anwendungsbeispiele\u200b<\/li>\n\n\n\n<li>Dichtheitspr\u00fcfstand\u00a0mit\u00a0aktiver\u00a0Pr\u00fcfung\u00a0der\u00a0Dichtheit\u00a0der\u00a0Elemente\u200b<\/li>\n\n\n\n<li>Originalkarosse\u00a0des JLR Land-Rover SPORT\u00a0im\u00a0Halbschnitt\u00a0mit\u00a0\u00fcber\u00a0450\u00a0Elementen<\/li>\n<\/ul>\n\n\n<section class=\"block block-columns margin-small bg-white padding-small wp-block-acf-flexible-columns\">\n  <div class=\"block-wrap\">\n    <div class=\"container \">\n            <div class=\"acf-innerblocks-container\">\n\n<div class=\"wp-block-columns is-layout-flex wp-container-core-columns-is-layout-9d6595d7 wp-block-columns-is-layout-flex\">\n<div class=\"wp-block-column is-layout-flow wp-block-column-is-layout-flow\">\n<p><strong>\u200bVortr\u00e4ge\u00a0von PROFIL\u00a0Verbindungstechnik:<\/strong><\/p>\n\n\n\n<figure class=\"wp-block-image size-large\"><img loading=\"lazy\" decoding=\"async\" width=\"1024\" height=\"576\" src=\"https:\/\/www.profil-global.com\/wp-content\/uploads\/2024\/05\/closures-opened-1-1024x576.webp\" alt=\"\" class=\"wp-image-1091\" srcset=\"https:\/\/www.profil-global.com\/wp-content\/uploads\/2024\/05\/closures-opened-1-1024x576.webp 1024w, https:\/\/www.profil-global.com\/wp-content\/uploads\/2024\/05\/closures-opened-1-300x169.webp 300w, https:\/\/www.profil-global.com\/wp-content\/uploads\/2024\/05\/closures-opened-1-768x432.webp 768w, https:\/\/www.profil-global.com\/wp-content\/uploads\/2024\/05\/closures-opened-1-1536x864.webp 1536w, https:\/\/www.profil-global.com\/wp-content\/uploads\/2024\/05\/closures-opened-1-400x225.webp 400w, https:\/\/www.profil-global.com\/wp-content\/uploads\/2024\/05\/closures-opened-1.webp 1920w\" sizes=\"auto, (max-width: 1024px) 100vw, 1024px\" \/><\/figure>\n\n\n\n<p>\u200bSascha Kainz (Head of Key Account),\u00a0Peter Schmid (Sales &amp; Application Engineer),\u00a0Dr.\u00a0Sebastian Meyer (Business Development \/\u00a0vorher\u00a0LWF Paderborn) sowie Gastvortr\u00e4ge\u00a0durch\u00a0Fachreferenten\u00a0\u200bFa.\u00a0Schl\u00f6tter:\u00a0Oberfl\u00e4che\u00a0\u2013\u00a0mehr\u00a0als\u00a0nur\u00a0Beschichtung,\u00a0\u200bFa. TOX:\u00a0Karosseriebau-L\u00f6sungen\u00a0f\u00fcr\u00a0Einpresselemente,\u00a0\u200bEinpresselemente\u00a0im\u00a0Presswerk<\/p>\n\n\n\n<p><strong>\u200bInclusive einem Netzwerk-Abend zwischen historischen Fahrzeugen<\/strong><\/p>\n\n\n\n<figure class=\"wp-block-image size-full\"><img loading=\"lazy\" decoding=\"async\" width=\"485\" height=\"288\" src=\"https:\/\/www.profil-global.com\/wp-content\/uploads\/2024\/06\/Agenda-Mittwoch.png\" alt=\"\" class=\"wp-image-2105\" srcset=\"https:\/\/www.profil-global.com\/wp-content\/uploads\/2024\/06\/Agenda-Mittwoch.png 485w, https:\/\/www.profil-global.com\/wp-content\/uploads\/2024\/06\/Agenda-Mittwoch-300x178.png 300w, https:\/\/www.profil-global.com\/wp-content\/uploads\/2024\/06\/Agenda-Mittwoch-400x238.png 400w\" sizes=\"auto, (max-width: 485px) 100vw, 485px\" \/><\/figure>\n\n\n\n<figure class=\"wp-block-image size-full is-resized\"><img loading=\"lazy\" decoding=\"async\" width=\"644\" height=\"224\" src=\"https:\/\/www.profil-global.com\/wp-content\/uploads\/2024\/06\/Agenda-Donnerstag-3.png\" alt=\"\" class=\"wp-image-2109\" style=\"width:785px;height:auto\" srcset=\"https:\/\/www.profil-global.com\/wp-content\/uploads\/2024\/06\/Agenda-Donnerstag-3.png 644w, https:\/\/www.profil-global.com\/wp-content\/uploads\/2024\/06\/Agenda-Donnerstag-3-300x104.png 300w, https:\/\/www.profil-global.com\/wp-content\/uploads\/2024\/06\/Agenda-Donnerstag-3-400x139.png 400w\" sizes=\"auto, (max-width: 644px) 100vw, 644px\" \/><\/figure>\n\n\n\n<p>Kosten:\u00a0 580.- \u20ac \/ Person\u00a0\u00a0 (zzgl. MwSt.)\u200b<\/p>\n\n\n\n<p>\u200bIn dieser Tagungspauschale enthalten sind kleine Snacks und alkoholfreie Getr\u00e4nke\/Kaffee w\u00e4hrend des Seminars. Das Mittagessen an beiden Tagen mit einem alkoholfreien Getr\u00e4nk und das Abendessen zum Netzwerkabend. Tagungsunterlagen als Handout\/PDF.\u00a0<\/p>\n\n\n\n<figure class=\"wp-block-image size-full\"><img loading=\"lazy\" decoding=\"async\" width=\"272\" height=\"176\" src=\"https:\/\/www.profil-global.com\/wp-content\/uploads\/2024\/06\/MAF-verbindungselemente.png\" alt=\"\" class=\"wp-image-2113\"\/><\/figure>\n\n\n\n<p>\u200bAnmeldung \u00fcber:\u00a0<a href=\"mailto:seminare@profil.eu\">seminare@profil.eu<\/a> <\/p>\n\n\n\n<p>\u200bSie erhalten nach der Anmeldung eine Rechnung von PROFIL Verbindungstechnik GmbH &amp; Co KG und mit dem\u00a0\u00a0Zahlungseingang eine Registrierung zur Teilnahme.<\/p>\n<\/div>\n<\/div>\n\n<\/div>\n    <\/div>\n  <\/div>\n<\/section>","protected":false},"excerpt":{"rendered":"<p>In der&nbsp;Motorworld&nbsp;Stuttgart&nbsp;sehen&nbsp;Sie:&nbsp;\u200b<\/p>\n","protected":false},"author":4,"featured_media":0,"comment_status":"open","ping_status":"open","sticky":false,"template":"","format":"standard","meta":{"_acf_changed":false,"footnotes":""},"categories":[37],"tags":[],"class_list":["post-2098","post","type-post","status-publish","format-standard","hentry","category-unkategorisiert"],"acf":[],"yoast_head":"<!-- This site is optimized with the Yoast SEO plugin v26.7 - https:\/\/yoast.com\/wordpress\/plugins\/seo\/ -->\n<title>News and Training Events | PROFIL\u00ae fastening technology<\/title>\n<meta name=\"description\" content=\"Mechanisch befestigte Funktionselemente im Automobilbau\u200b 28. und 29. Februar 2024 in B\u00f6blingen\" \/>\n<meta name=\"robots\" content=\"index, follow, max-snippet:-1, max-image-preview:large, max-video-preview:-1\" \/>\n<link rel=\"canonical\" href=\"https:\/\/www.profil-global.com\/de\/mechanisch-befestigte-funktionselemente-im-automobilbau-28-und-29-februar-2024-in-boeblingen\/\" \/>\n<meta property=\"og:locale\" content=\"de_DE\" \/>\n<meta property=\"og:type\" content=\"article\" \/>\n<meta property=\"og:title\" content=\"News and Training Events | PROFIL\u00ae fastening technology\" \/>\n<meta property=\"og:description\" content=\"Mechanisch befestigte Funktionselemente im Automobilbau\u200b 28. und 29. Februar 2024 in B\u00f6blingen\" \/>\n<meta property=\"og:url\" content=\"https:\/\/www.profil-global.com\/de\/mechanisch-befestigte-funktionselemente-im-automobilbau-28-und-29-februar-2024-in-boeblingen\/\" \/>\n<meta property=\"og:site_name\" content=\"PROFIL\u00ae\" \/>\n<meta property=\"article:published_time\" content=\"2024-06-07T08:44:03+00:00\" \/>\n<meta property=\"article:modified_time\" content=\"2024-10-09T13:15:28+00:00\" \/>\n<meta property=\"og:image\" content=\"https:\/\/www.profil-global.com\/wp-content\/uploads\/2024\/06\/Wilkommen-PROFIL-Motorworld-MAF-Netzwerk-Abend.png\" \/>\n<meta name=\"author\" content=\"Miriam Sparrowhawk\" \/>\n<meta name=\"twitter:card\" content=\"summary_large_image\" \/>\n<meta name=\"twitter:label1\" content=\"Written by\" \/>\n\t<meta name=\"twitter:data1\" content=\"Miriam Sparrowhawk\" \/>\n\t<meta name=\"twitter:label2\" content=\"Est. reading time\" \/>\n\t<meta name=\"twitter:data2\" content=\"2 Minuten\" \/>\n<script type=\"application\/ld+json\" class=\"yoast-schema-graph\">{\"@context\":\"https:\/\/schema.org\",\"@graph\":[{\"@type\":\"Article\",\"@id\":\"https:\/\/www.profil-global.com\/de\/mechanisch-befestigte-funktionselemente-im-automobilbau-28-und-29-februar-2024-in-boeblingen\/#article\",\"isPartOf\":{\"@id\":\"https:\/\/www.profil-global.com\/de\/mechanisch-befestigte-funktionselemente-im-automobilbau-28-und-29-februar-2024-in-boeblingen\/\"},\"author\":{\"name\":\"Miriam Sparrowhawk\",\"@id\":\"https:\/\/www.profil-global.com\/de\/#\/schema\/person\/2a67c1070865db3f2297d04dd4d9cc1f\"},\"headline\":\"Mechanisch befestigte Funktionselemente im Automobilbau\u200b 28. und 29. Februar 2024 in B\u00f6blingen\u200b\",\"datePublished\":\"2024-06-07T08:44:03+00:00\",\"dateModified\":\"2024-10-09T13:15:28+00:00\",\"mainEntityOfPage\":{\"@id\":\"https:\/\/www.profil-global.com\/de\/mechanisch-befestigte-funktionselemente-im-automobilbau-28-und-29-februar-2024-in-boeblingen\/\"},\"wordCount\":226,\"commentCount\":0,\"image\":{\"@id\":\"https:\/\/www.profil-global.com\/de\/mechanisch-befestigte-funktionselemente-im-automobilbau-28-und-29-februar-2024-in-boeblingen\/#primaryimage\"},\"thumbnailUrl\":\"https:\/\/www.profil-global.com\/wp-content\/uploads\/2024\/06\/Wilkommen-PROFIL-Motorworld-MAF-Netzwerk-Abend.png\",\"articleSection\":[\"Unkategorisiert\"],\"inLanguage\":\"de-DE\",\"potentialAction\":[{\"@type\":\"CommentAction\",\"name\":\"Comment\",\"target\":[\"https:\/\/www.profil-global.com\/de\/mechanisch-befestigte-funktionselemente-im-automobilbau-28-und-29-februar-2024-in-boeblingen\/#respond\"]}]},{\"@type\":\"WebPage\",\"@id\":\"https:\/\/www.profil-global.com\/de\/mechanisch-befestigte-funktionselemente-im-automobilbau-28-und-29-februar-2024-in-boeblingen\/\",\"url\":\"https:\/\/www.profil-global.com\/de\/mechanisch-befestigte-funktionselemente-im-automobilbau-28-und-29-februar-2024-in-boeblingen\/\",\"name\":\"News and Training Events | PROFIL\u00ae fastening technology\",\"isPartOf\":{\"@id\":\"https:\/\/www.profil-global.com\/de\/#website\"},\"primaryImageOfPage\":{\"@id\":\"https:\/\/www.profil-global.com\/de\/mechanisch-befestigte-funktionselemente-im-automobilbau-28-und-29-februar-2024-in-boeblingen\/#primaryimage\"},\"image\":{\"@id\":\"https:\/\/www.profil-global.com\/de\/mechanisch-befestigte-funktionselemente-im-automobilbau-28-und-29-februar-2024-in-boeblingen\/#primaryimage\"},\"thumbnailUrl\":\"https:\/\/www.profil-global.com\/wp-content\/uploads\/2024\/06\/Wilkommen-PROFIL-Motorworld-MAF-Netzwerk-Abend.png\",\"datePublished\":\"2024-06-07T08:44:03+00:00\",\"dateModified\":\"2024-10-09T13:15:28+00:00\",\"author\":{\"@id\":\"https:\/\/www.profil-global.com\/de\/#\/schema\/person\/2a67c1070865db3f2297d04dd4d9cc1f\"},\"description\":\"Mechanisch befestigte Funktionselemente im Automobilbau\u200b 28. und 29. Februar 2024 in B\u00f6blingen\",\"breadcrumb\":{\"@id\":\"https:\/\/www.profil-global.com\/de\/mechanisch-befestigte-funktionselemente-im-automobilbau-28-und-29-februar-2024-in-boeblingen\/#breadcrumb\"},\"inLanguage\":\"de-DE\",\"potentialAction\":[{\"@type\":\"ReadAction\",\"target\":[\"https:\/\/www.profil-global.com\/de\/mechanisch-befestigte-funktionselemente-im-automobilbau-28-und-29-februar-2024-in-boeblingen\/\"]}]},{\"@type\":\"ImageObject\",\"inLanguage\":\"de-DE\",\"@id\":\"https:\/\/www.profil-global.com\/de\/mechanisch-befestigte-funktionselemente-im-automobilbau-28-und-29-februar-2024-in-boeblingen\/#primaryimage\",\"url\":\"https:\/\/www.profil-global.com\/wp-content\/uploads\/2024\/06\/Wilkommen-PROFIL-Motorworld-MAF-Netzwerk-Abend.png\",\"contentUrl\":\"https:\/\/www.profil-global.com\/wp-content\/uploads\/2024\/06\/Wilkommen-PROFIL-Motorworld-MAF-Netzwerk-Abend.png\"},{\"@type\":\"BreadcrumbList\",\"@id\":\"https:\/\/www.profil-global.com\/de\/mechanisch-befestigte-funktionselemente-im-automobilbau-28-und-29-februar-2024-in-boeblingen\/#breadcrumb\",\"itemListElement\":[{\"@type\":\"ListItem\",\"position\":1,\"name\":\"Home\",\"item\":\"https:\/\/www.profil-global.com\/de\/\"},{\"@type\":\"ListItem\",\"position\":2,\"name\":\"Mechanisch befestigte Funktionselemente im Automobilbau\u200b 28. und 29. Februar 2024 in B\u00f6blingen\u200b\"}]},{\"@type\":\"WebSite\",\"@id\":\"https:\/\/www.profil-global.com\/de\/#website\",\"url\":\"https:\/\/www.profil-global.com\/de\/\",\"name\":\"PROFIL\u00ae fastening technology\",\"description\":\"\",\"potentialAction\":[{\"@type\":\"SearchAction\",\"target\":{\"@type\":\"EntryPoint\",\"urlTemplate\":\"https:\/\/www.profil-global.com\/de\/?s={search_term_string}\"},\"query-input\":{\"@type\":\"PropertyValueSpecification\",\"valueRequired\":true,\"valueName\":\"search_term_string\"}}],\"inLanguage\":\"de-DE\"},{\"@type\":\"Person\",\"@id\":\"https:\/\/www.profil-global.com\/de\/#\/schema\/person\/2a67c1070865db3f2297d04dd4d9cc1f\",\"name\":\"Miriam Sparrowhawk\",\"image\":{\"@type\":\"ImageObject\",\"inLanguage\":\"de-DE\",\"@id\":\"https:\/\/www.profil-global.com\/de\/#\/schema\/person\/image\/\",\"url\":\"https:\/\/secure.gravatar.com\/avatar\/d3476485845ed82d268d3bb2491e550c0016f6b813d3050dc5edcc19132806b6?s=96&d=mm&r=g\",\"contentUrl\":\"https:\/\/secure.gravatar.com\/avatar\/d3476485845ed82d268d3bb2491e550c0016f6b813d3050dc5edcc19132806b6?s=96&d=mm&r=g\",\"caption\":\"Miriam Sparrowhawk\"},\"url\":\"https:\/\/www.profil-global.com\/de\/author\/msparrowhawk\/\"}]}<\/script>\n<!-- \/ Yoast SEO plugin. -->","yoast_head_json":{"title":"News and Training Events | PROFIL\u00ae fastening technology","description":"Mechanisch befestigte Funktionselemente im Automobilbau\u200b 28. und 29. Februar 2024 in B\u00f6blingen","robots":{"index":"index","follow":"follow","max-snippet":"max-snippet:-1","max-image-preview":"max-image-preview:large","max-video-preview":"max-video-preview:-1"},"canonical":"https:\/\/www.profil-global.com\/de\/mechanisch-befestigte-funktionselemente-im-automobilbau-28-und-29-februar-2024-in-boeblingen\/","og_locale":"de_DE","og_type":"article","og_title":"News and Training Events | PROFIL\u00ae fastening technology","og_description":"Mechanisch befestigte Funktionselemente im Automobilbau\u200b 28. und 29. Februar 2024 in B\u00f6blingen","og_url":"https:\/\/www.profil-global.com\/de\/mechanisch-befestigte-funktionselemente-im-automobilbau-28-und-29-februar-2024-in-boeblingen\/","og_site_name":"PROFIL\u00ae","article_published_time":"2024-06-07T08:44:03+00:00","article_modified_time":"2024-10-09T13:15:28+00:00","og_image":[{"url":"https:\/\/www.profil-global.com\/wp-content\/uploads\/2024\/06\/Wilkommen-PROFIL-Motorworld-MAF-Netzwerk-Abend.png","type":"","width":"","height":""}],"author":"Miriam Sparrowhawk","twitter_card":"summary_large_image","twitter_misc":{"Written by":"Miriam Sparrowhawk","Est. reading time":"2 Minuten"},"schema":{"@context":"https:\/\/schema.org","@graph":[{"@type":"Article","@id":"https:\/\/www.profil-global.com\/de\/mechanisch-befestigte-funktionselemente-im-automobilbau-28-und-29-februar-2024-in-boeblingen\/#article","isPartOf":{"@id":"https:\/\/www.profil-global.com\/de\/mechanisch-befestigte-funktionselemente-im-automobilbau-28-und-29-februar-2024-in-boeblingen\/"},"author":{"name":"Miriam Sparrowhawk","@id":"https:\/\/www.profil-global.com\/de\/#\/schema\/person\/2a67c1070865db3f2297d04dd4d9cc1f"},"headline":"Mechanisch befestigte Funktionselemente im Automobilbau\u200b 28. und 29. Februar 2024 in B\u00f6blingen\u200b","datePublished":"2024-06-07T08:44:03+00:00","dateModified":"2024-10-09T13:15:28+00:00","mainEntityOfPage":{"@id":"https:\/\/www.profil-global.com\/de\/mechanisch-befestigte-funktionselemente-im-automobilbau-28-und-29-februar-2024-in-boeblingen\/"},"wordCount":226,"commentCount":0,"image":{"@id":"https:\/\/www.profil-global.com\/de\/mechanisch-befestigte-funktionselemente-im-automobilbau-28-und-29-februar-2024-in-boeblingen\/#primaryimage"},"thumbnailUrl":"https:\/\/www.profil-global.com\/wp-content\/uploads\/2024\/06\/Wilkommen-PROFIL-Motorworld-MAF-Netzwerk-Abend.png","articleSection":["Unkategorisiert"],"inLanguage":"de-DE","potentialAction":[{"@type":"CommentAction","name":"Comment","target":["https:\/\/www.profil-global.com\/de\/mechanisch-befestigte-funktionselemente-im-automobilbau-28-und-29-februar-2024-in-boeblingen\/#respond"]}]},{"@type":"WebPage","@id":"https:\/\/www.profil-global.com\/de\/mechanisch-befestigte-funktionselemente-im-automobilbau-28-und-29-februar-2024-in-boeblingen\/","url":"https:\/\/www.profil-global.com\/de\/mechanisch-befestigte-funktionselemente-im-automobilbau-28-und-29-februar-2024-in-boeblingen\/","name":"News and Training Events | PROFIL\u00ae fastening technology","isPartOf":{"@id":"https:\/\/www.profil-global.com\/de\/#website"},"primaryImageOfPage":{"@id":"https:\/\/www.profil-global.com\/de\/mechanisch-befestigte-funktionselemente-im-automobilbau-28-und-29-februar-2024-in-boeblingen\/#primaryimage"},"image":{"@id":"https:\/\/www.profil-global.com\/de\/mechanisch-befestigte-funktionselemente-im-automobilbau-28-und-29-februar-2024-in-boeblingen\/#primaryimage"},"thumbnailUrl":"https:\/\/www.profil-global.com\/wp-content\/uploads\/2024\/06\/Wilkommen-PROFIL-Motorworld-MAF-Netzwerk-Abend.png","datePublished":"2024-06-07T08:44:03+00:00","dateModified":"2024-10-09T13:15:28+00:00","author":{"@id":"https:\/\/www.profil-global.com\/de\/#\/schema\/person\/2a67c1070865db3f2297d04dd4d9cc1f"},"description":"Mechanisch befestigte Funktionselemente im Automobilbau\u200b 28. und 29. Februar 2024 in B\u00f6blingen","breadcrumb":{"@id":"https:\/\/www.profil-global.com\/de\/mechanisch-befestigte-funktionselemente-im-automobilbau-28-und-29-februar-2024-in-boeblingen\/#breadcrumb"},"inLanguage":"de-DE","potentialAction":[{"@type":"ReadAction","target":["https:\/\/www.profil-global.com\/de\/mechanisch-befestigte-funktionselemente-im-automobilbau-28-und-29-februar-2024-in-boeblingen\/"]}]},{"@type":"ImageObject","inLanguage":"de-DE","@id":"https:\/\/www.profil-global.com\/de\/mechanisch-befestigte-funktionselemente-im-automobilbau-28-und-29-februar-2024-in-boeblingen\/#primaryimage","url":"https:\/\/www.profil-global.com\/wp-content\/uploads\/2024\/06\/Wilkommen-PROFIL-Motorworld-MAF-Netzwerk-Abend.png","contentUrl":"https:\/\/www.profil-global.com\/wp-content\/uploads\/2024\/06\/Wilkommen-PROFIL-Motorworld-MAF-Netzwerk-Abend.png"},{"@type":"BreadcrumbList","@id":"https:\/\/www.profil-global.com\/de\/mechanisch-befestigte-funktionselemente-im-automobilbau-28-und-29-februar-2024-in-boeblingen\/#breadcrumb","itemListElement":[{"@type":"ListItem","position":1,"name":"Home","item":"https:\/\/www.profil-global.com\/de\/"},{"@type":"ListItem","position":2,"name":"Mechanisch befestigte Funktionselemente im Automobilbau\u200b 28. und 29. Februar 2024 in B\u00f6blingen\u200b"}]},{"@type":"WebSite","@id":"https:\/\/www.profil-global.com\/de\/#website","url":"https:\/\/www.profil-global.com\/de\/","name":"PROFIL\u00ae fastening technology","description":"","potentialAction":[{"@type":"SearchAction","target":{"@type":"EntryPoint","urlTemplate":"https:\/\/www.profil-global.com\/de\/?s={search_term_string}"},"query-input":{"@type":"PropertyValueSpecification","valueRequired":true,"valueName":"search_term_string"}}],"inLanguage":"de-DE"},{"@type":"Person","@id":"https:\/\/www.profil-global.com\/de\/#\/schema\/person\/2a67c1070865db3f2297d04dd4d9cc1f","name":"Miriam Sparrowhawk","image":{"@type":"ImageObject","inLanguage":"de-DE","@id":"https:\/\/www.profil-global.com\/de\/#\/schema\/person\/image\/","url":"https:\/\/secure.gravatar.com\/avatar\/d3476485845ed82d268d3bb2491e550c0016f6b813d3050dc5edcc19132806b6?s=96&d=mm&r=g","contentUrl":"https:\/\/secure.gravatar.com\/avatar\/d3476485845ed82d268d3bb2491e550c0016f6b813d3050dc5edcc19132806b6?s=96&d=mm&r=g","caption":"Miriam Sparrowhawk"},"url":"https:\/\/www.profil-global.com\/de\/author\/msparrowhawk\/"}]}},"_links":{"self":[{"href":"https:\/\/www.profil-global.com\/de\/wp-json\/wp\/v2\/posts\/2098","targetHints":{"allow":["GET"]}}],"collection":[{"href":"https:\/\/www.profil-global.com\/de\/wp-json\/wp\/v2\/posts"}],"about":[{"href":"https:\/\/www.profil-global.com\/de\/wp-json\/wp\/v2\/types\/post"}],"author":[{"embeddable":true,"href":"https:\/\/www.profil-global.com\/de\/wp-json\/wp\/v2\/users\/4"}],"replies":[{"embeddable":true,"href":"https:\/\/www.profil-global.com\/de\/wp-json\/wp\/v2\/comments?post=2098"}],"version-history":[{"count":4,"href":"https:\/\/www.profil-global.com\/de\/wp-json\/wp\/v2\/posts\/2098\/revisions"}],"predecessor-version":[{"id":2119,"href":"https:\/\/www.profil-global.com\/de\/wp-json\/wp\/v2\/posts\/2098\/revisions\/2119"}],"wp:attachment":[{"href":"https:\/\/www.profil-global.com\/de\/wp-json\/wp\/v2\/media?parent=2098"}],"wp:term":[{"taxonomy":"category","embeddable":true,"href":"https:\/\/www.profil-global.com\/de\/wp-json\/wp\/v2\/categories?post=2098"},{"taxonomy":"post_tag","embeddable":true,"href":"https:\/\/www.profil-global.com\/de\/wp-json\/wp\/v2\/tags?post=2098"}],"curies":[{"name":"wp","href":"https:\/\/api.w.org\/{rel}","templated":true}]}}