{"id":2092,"date":"2024-06-07T08:40:25","date_gmt":"2024-06-07T08:40:25","guid":{"rendered":"https:\/\/www.profil-global.com\/?p=2092"},"modified":"2025-02-18T21:24:36","modified_gmt":"2025-02-18T21:24:36","slug":"profil-gewinnt-den-preis-innovativ-durch-forschung","status":"publish","type":"post","link":"https:\/\/www.profil-global.com\/de\/profil-gewinnt-den-preis-innovativ-durch-forschung\/","title":{"rendered":"PROFIL gewinnt den Preis \u201eInnovativ durch Forschung\u201c"},"content":{"rendered":"\n<p>Seit 2014 ehrt der Stifterverband f\u00fcr Bildung (<a href=\"https:\/\/www.stifterverband.org\/\">https:\/\/www.stifterverband.org\/<\/a>) , Wissenschaft und Innovation forschungsaktive Unternehmen f\u00fcr ihre besonderen&nbsp;Verdienste in den genannten Bereichen f\u00fcr Staat und Gesellschaft mit dem Siegel \u201eInnovativ durch Forschung\u201c.<\/p>\n\n\n\n<div style=\"height:60px\" aria-hidden=\"true\" class=\"wp-block-spacer\"><\/div>\n\n\n\n<div style=\"height:60px\" aria-hidden=\"true\" class=\"wp-block-spacer\"><\/div>\n\n\n\n<p><strong>Verband der Automobilindustrie<\/strong><br>Der Stifterverband ist einer der gr\u00f6\u00dften privaten Wissenschaftsf\u00f6rderer in Deutschland und wurde urspr\u00fcnglich u.a. durch den Verband der Automobilindustrie ins Leben gerufen. Neben seinem Engagement f\u00fcr den akademischen Nachwuchs, exzellente Hochschulen und Spitzenforschung ist es auch seine Aufgabe, das deutsche Forschungs- und Innovationssystem zu untersuchen und zu bewerten.<\/p>\n\n\n\n<p><strong>Wie viel investiert die Wirtschaft in Deutschland in Forschung und Entwicklung?<\/strong><br>Welche Auswirkungen hat dies auf die Zukunftsf\u00e4higkeit des Landes?<br>Diese Fragen stehen im Mittelpunkt der FuE-Erhebung und Wissenschaftsstatistik, die dieser Verein j\u00e4hrlich im Auftrag des Bundesministeriums f\u00fcr Bildung und Forschung in Deutschland durchf\u00fchrt.<\/p>\n\n\n\n<p><strong>Vergabekriterien<\/strong><br>Der Verband verleiht das Siegel \u201eInnovativ durch Forschung\u201c an alle forschungsaktiven Unternehmen, die einen innovativen und herausragenden Beitrag zur Forschung und Entwicklung in der Wirtschaft in Deutschland leisten.<\/p>\n","protected":false},"excerpt":{"rendered":"<p>Seit 2014 ehrt der Stifterverband f\u00fcr Bildung (https:\/\/www.stifterverband.org\/) , Wissenschaft und Innovation forschungsaktive Unternehmen f\u00fcr ihre besonderen&nbsp;Verdienste in den genannten Bereichen f\u00fcr Staat und Gesellschaft mit dem Siegel \u201eInnovativ durch Forschung\u201c. Verband der AutomobilindustrieDer Stifterverband ist einer der gr\u00f6\u00dften privaten Wissenschaftsf\u00f6rderer in Deutschland und wurde urspr\u00fcnglich u.a. durch den Verband der Automobilindustrie ins Leben gerufen. [&hellip;]<\/p>\n","protected":false},"author":4,"featured_media":2093,"comment_status":"open","ping_status":"open","sticky":false,"template":"","format":"standard","meta":{"_acf_changed":false,"footnotes":""},"categories":[37],"tags":[],"class_list":["post-2092","post","type-post","status-publish","format-standard","has-post-thumbnail","hentry","category-unkategorisiert"],"acf":[],"yoast_head":"<!-- This site is optimized with the Yoast SEO plugin v26.7 - https:\/\/yoast.com\/wordpress\/plugins\/seo\/ -->\n<title>PROFIL gewinnt den Preis \u201eInnovativ durch Forschung\u201c | PROFIL\u00ae<\/title>\n<meta name=\"description\" content=\"Seit 2014 ehrt der Stifterverband f\u00fcr Bildung (https:\/\/www.stifterverband.org\/) , Wissenschaft und Innovation forschungsaktive Unternehmen f\u00fcr ihre besonderen Verdienste in den genannten Bereichen f\u00fcr Staat und Gesellschaft mit dem Siegel \u201eInnovativ durch Forschung\u201c.\" \/>\n<meta name=\"robots\" content=\"index, follow, max-snippet:-1, max-image-preview:large, max-video-preview:-1\" \/>\n<link rel=\"canonical\" href=\"https:\/\/www.profil-global.com\/de\/profil-gewinnt-den-preis-innovativ-durch-forschung\/\" \/>\n<meta property=\"og:locale\" content=\"de_DE\" \/>\n<meta property=\"og:type\" content=\"article\" \/>\n<meta property=\"og:title\" content=\"PROFIL gewinnt den Preis \u201eInnovativ durch Forschung\u201c | PROFIL\u00ae\" \/>\n<meta property=\"og:description\" content=\"Seit 2014 ehrt der Stifterverband f\u00fcr Bildung (https:\/\/www.stifterverband.org\/) , Wissenschaft und Innovation forschungsaktive Unternehmen f\u00fcr ihre besonderen Verdienste in den genannten Bereichen f\u00fcr Staat und Gesellschaft mit dem Siegel \u201eInnovativ durch Forschung\u201c.\" \/>\n<meta property=\"og:url\" content=\"https:\/\/www.profil-global.com\/de\/profil-gewinnt-den-preis-innovativ-durch-forschung\/\" \/>\n<meta property=\"og:site_name\" content=\"PROFIL\u00ae\" \/>\n<meta property=\"article:published_time\" content=\"2024-06-07T08:40:25+00:00\" \/>\n<meta property=\"article:modified_time\" content=\"2025-02-18T21:24:36+00:00\" \/>\n<meta property=\"og:image\" content=\"https:\/\/www.profil-global.com\/wp-content\/uploads\/2024\/06\/Forschung_und_Entwicklung_2020_print.png\" \/>\n\t<meta property=\"og:image:width\" content=\"591\" \/>\n\t<meta property=\"og:image:height\" content=\"495\" \/>\n\t<meta property=\"og:image:type\" content=\"image\/png\" \/>\n<meta name=\"author\" content=\"Miriam Sparrowhawk\" \/>\n<meta name=\"twitter:card\" content=\"summary_large_image\" \/>\n<meta name=\"twitter:label1\" content=\"Written by\" \/>\n\t<meta name=\"twitter:data1\" content=\"Miriam Sparrowhawk\" \/>\n\t<meta name=\"twitter:label2\" content=\"Est. reading time\" \/>\n\t<meta name=\"twitter:data2\" content=\"1 Minute\" \/>\n<script type=\"application\/ld+json\" class=\"yoast-schema-graph\">{\"@context\":\"https:\/\/schema.org\",\"@graph\":[{\"@type\":\"Article\",\"@id\":\"https:\/\/www.profil-global.com\/de\/profil-gewinnt-den-preis-innovativ-durch-forschung\/#article\",\"isPartOf\":{\"@id\":\"https:\/\/www.profil-global.com\/de\/profil-gewinnt-den-preis-innovativ-durch-forschung\/\"},\"author\":{\"name\":\"Miriam Sparrowhawk\",\"@id\":\"https:\/\/www.profil-global.com\/de\/#\/schema\/person\/2a67c1070865db3f2297d04dd4d9cc1f\"},\"headline\":\"PROFIL gewinnt den Preis \u201eInnovativ durch Forschung\u201c\",\"datePublished\":\"2024-06-07T08:40:25+00:00\",\"dateModified\":\"2025-02-18T21:24:36+00:00\",\"mainEntityOfPage\":{\"@id\":\"https:\/\/www.profil-global.com\/de\/profil-gewinnt-den-preis-innovativ-durch-forschung\/\"},\"wordCount\":177,\"commentCount\":0,\"image\":{\"@id\":\"https:\/\/www.profil-global.com\/de\/profil-gewinnt-den-preis-innovativ-durch-forschung\/#primaryimage\"},\"thumbnailUrl\":\"https:\/\/www.profil-global.com\/wp-content\/uploads\/2024\/06\/Forschung_und_Entwicklung_2020_print.png\",\"articleSection\":[\"Unkategorisiert\"],\"inLanguage\":\"de-DE\",\"potentialAction\":[{\"@type\":\"CommentAction\",\"name\":\"Comment\",\"target\":[\"https:\/\/www.profil-global.com\/de\/profil-gewinnt-den-preis-innovativ-durch-forschung\/#respond\"]}]},{\"@type\":\"WebPage\",\"@id\":\"https:\/\/www.profil-global.com\/de\/profil-gewinnt-den-preis-innovativ-durch-forschung\/\",\"url\":\"https:\/\/www.profil-global.com\/de\/profil-gewinnt-den-preis-innovativ-durch-forschung\/\",\"name\":\"PROFIL gewinnt den Preis \u201eInnovativ durch Forschung\u201c | PROFIL\u00ae\",\"isPartOf\":{\"@id\":\"https:\/\/www.profil-global.com\/de\/#website\"},\"primaryImageOfPage\":{\"@id\":\"https:\/\/www.profil-global.com\/de\/profil-gewinnt-den-preis-innovativ-durch-forschung\/#primaryimage\"},\"image\":{\"@id\":\"https:\/\/www.profil-global.com\/de\/profil-gewinnt-den-preis-innovativ-durch-forschung\/#primaryimage\"},\"thumbnailUrl\":\"https:\/\/www.profil-global.com\/wp-content\/uploads\/2024\/06\/Forschung_und_Entwicklung_2020_print.png\",\"datePublished\":\"2024-06-07T08:40:25+00:00\",\"dateModified\":\"2025-02-18T21:24:36+00:00\",\"author\":{\"@id\":\"https:\/\/www.profil-global.com\/de\/#\/schema\/person\/2a67c1070865db3f2297d04dd4d9cc1f\"},\"description\":\"Seit 2014 ehrt der Stifterverband f\u00fcr Bildung (https:\/\/www.stifterverband.org\/) , Wissenschaft und Innovation forschungsaktive Unternehmen f\u00fcr ihre besonderen Verdienste in den genannten Bereichen f\u00fcr Staat und Gesellschaft mit dem Siegel \u201eInnovativ durch Forschung\u201c.\",\"breadcrumb\":{\"@id\":\"https:\/\/www.profil-global.com\/de\/profil-gewinnt-den-preis-innovativ-durch-forschung\/#breadcrumb\"},\"inLanguage\":\"de-DE\",\"potentialAction\":[{\"@type\":\"ReadAction\",\"target\":[\"https:\/\/www.profil-global.com\/de\/profil-gewinnt-den-preis-innovativ-durch-forschung\/\"]}]},{\"@type\":\"ImageObject\",\"inLanguage\":\"de-DE\",\"@id\":\"https:\/\/www.profil-global.com\/de\/profil-gewinnt-den-preis-innovativ-durch-forschung\/#primaryimage\",\"url\":\"https:\/\/www.profil-global.com\/wp-content\/uploads\/2024\/06\/Forschung_und_Entwicklung_2020_print.png\",\"contentUrl\":\"https:\/\/www.profil-global.com\/wp-content\/uploads\/2024\/06\/Forschung_und_Entwicklung_2020_print.png\",\"width\":591,\"height\":495},{\"@type\":\"BreadcrumbList\",\"@id\":\"https:\/\/www.profil-global.com\/de\/profil-gewinnt-den-preis-innovativ-durch-forschung\/#breadcrumb\",\"itemListElement\":[{\"@type\":\"ListItem\",\"position\":1,\"name\":\"Home\",\"item\":\"https:\/\/www.profil-global.com\/de\/\"},{\"@type\":\"ListItem\",\"position\":2,\"name\":\"PROFIL gewinnt den Preis \u201eInnovativ durch Forschung\u201c\"}]},{\"@type\":\"WebSite\",\"@id\":\"https:\/\/www.profil-global.com\/de\/#website\",\"url\":\"https:\/\/www.profil-global.com\/de\/\",\"name\":\"PROFIL\u00ae fastening technology\",\"description\":\"\",\"potentialAction\":[{\"@type\":\"SearchAction\",\"target\":{\"@type\":\"EntryPoint\",\"urlTemplate\":\"https:\/\/www.profil-global.com\/de\/?s={search_term_string}\"},\"query-input\":{\"@type\":\"PropertyValueSpecification\",\"valueRequired\":true,\"valueName\":\"search_term_string\"}}],\"inLanguage\":\"de-DE\"},{\"@type\":\"Person\",\"@id\":\"https:\/\/www.profil-global.com\/de\/#\/schema\/person\/2a67c1070865db3f2297d04dd4d9cc1f\",\"name\":\"Miriam Sparrowhawk\",\"image\":{\"@type\":\"ImageObject\",\"inLanguage\":\"de-DE\",\"@id\":\"https:\/\/www.profil-global.com\/de\/#\/schema\/person\/image\/\",\"url\":\"https:\/\/secure.gravatar.com\/avatar\/d3476485845ed82d268d3bb2491e550c0016f6b813d3050dc5edcc19132806b6?s=96&d=mm&r=g\",\"contentUrl\":\"https:\/\/secure.gravatar.com\/avatar\/d3476485845ed82d268d3bb2491e550c0016f6b813d3050dc5edcc19132806b6?s=96&d=mm&r=g\",\"caption\":\"Miriam Sparrowhawk\"},\"url\":\"https:\/\/www.profil-global.com\/de\/author\/msparrowhawk\/\"}]}<\/script>\n<!-- \/ Yoast SEO plugin. -->","yoast_head_json":{"title":"PROFIL gewinnt den Preis \u201eInnovativ durch Forschung\u201c | PROFIL\u00ae","description":"Seit 2014 ehrt der Stifterverband f\u00fcr Bildung (https:\/\/www.stifterverband.org\/) , Wissenschaft und Innovation forschungsaktive Unternehmen f\u00fcr ihre besonderen Verdienste in den genannten Bereichen f\u00fcr Staat und Gesellschaft mit dem Siegel \u201eInnovativ durch Forschung\u201c.","robots":{"index":"index","follow":"follow","max-snippet":"max-snippet:-1","max-image-preview":"max-image-preview:large","max-video-preview":"max-video-preview:-1"},"canonical":"https:\/\/www.profil-global.com\/de\/profil-gewinnt-den-preis-innovativ-durch-forschung\/","og_locale":"de_DE","og_type":"article","og_title":"PROFIL gewinnt den Preis \u201eInnovativ durch Forschung\u201c | PROFIL\u00ae","og_description":"Seit 2014 ehrt der Stifterverband f\u00fcr Bildung (https:\/\/www.stifterverband.org\/) , Wissenschaft und Innovation forschungsaktive Unternehmen f\u00fcr ihre besonderen Verdienste in den genannten Bereichen f\u00fcr Staat und Gesellschaft mit dem Siegel \u201eInnovativ durch Forschung\u201c.","og_url":"https:\/\/www.profil-global.com\/de\/profil-gewinnt-den-preis-innovativ-durch-forschung\/","og_site_name":"PROFIL\u00ae","article_published_time":"2024-06-07T08:40:25+00:00","article_modified_time":"2025-02-18T21:24:36+00:00","og_image":[{"width":591,"height":495,"url":"https:\/\/www.profil-global.com\/wp-content\/uploads\/2024\/06\/Forschung_und_Entwicklung_2020_print.png","type":"image\/png"}],"author":"Miriam Sparrowhawk","twitter_card":"summary_large_image","twitter_misc":{"Written by":"Miriam Sparrowhawk","Est. reading time":"1 Minute"},"schema":{"@context":"https:\/\/schema.org","@graph":[{"@type":"Article","@id":"https:\/\/www.profil-global.com\/de\/profil-gewinnt-den-preis-innovativ-durch-forschung\/#article","isPartOf":{"@id":"https:\/\/www.profil-global.com\/de\/profil-gewinnt-den-preis-innovativ-durch-forschung\/"},"author":{"name":"Miriam Sparrowhawk","@id":"https:\/\/www.profil-global.com\/de\/#\/schema\/person\/2a67c1070865db3f2297d04dd4d9cc1f"},"headline":"PROFIL gewinnt den Preis \u201eInnovativ durch Forschung\u201c","datePublished":"2024-06-07T08:40:25+00:00","dateModified":"2025-02-18T21:24:36+00:00","mainEntityOfPage":{"@id":"https:\/\/www.profil-global.com\/de\/profil-gewinnt-den-preis-innovativ-durch-forschung\/"},"wordCount":177,"commentCount":0,"image":{"@id":"https:\/\/www.profil-global.com\/de\/profil-gewinnt-den-preis-innovativ-durch-forschung\/#primaryimage"},"thumbnailUrl":"https:\/\/www.profil-global.com\/wp-content\/uploads\/2024\/06\/Forschung_und_Entwicklung_2020_print.png","articleSection":["Unkategorisiert"],"inLanguage":"de-DE","potentialAction":[{"@type":"CommentAction","name":"Comment","target":["https:\/\/www.profil-global.com\/de\/profil-gewinnt-den-preis-innovativ-durch-forschung\/#respond"]}]},{"@type":"WebPage","@id":"https:\/\/www.profil-global.com\/de\/profil-gewinnt-den-preis-innovativ-durch-forschung\/","url":"https:\/\/www.profil-global.com\/de\/profil-gewinnt-den-preis-innovativ-durch-forschung\/","name":"PROFIL gewinnt den Preis \u201eInnovativ durch Forschung\u201c | PROFIL\u00ae","isPartOf":{"@id":"https:\/\/www.profil-global.com\/de\/#website"},"primaryImageOfPage":{"@id":"https:\/\/www.profil-global.com\/de\/profil-gewinnt-den-preis-innovativ-durch-forschung\/#primaryimage"},"image":{"@id":"https:\/\/www.profil-global.com\/de\/profil-gewinnt-den-preis-innovativ-durch-forschung\/#primaryimage"},"thumbnailUrl":"https:\/\/www.profil-global.com\/wp-content\/uploads\/2024\/06\/Forschung_und_Entwicklung_2020_print.png","datePublished":"2024-06-07T08:40:25+00:00","dateModified":"2025-02-18T21:24:36+00:00","author":{"@id":"https:\/\/www.profil-global.com\/de\/#\/schema\/person\/2a67c1070865db3f2297d04dd4d9cc1f"},"description":"Seit 2014 ehrt der Stifterverband f\u00fcr Bildung (https:\/\/www.stifterverband.org\/) , Wissenschaft und Innovation forschungsaktive Unternehmen f\u00fcr ihre besonderen Verdienste in den genannten Bereichen f\u00fcr Staat und Gesellschaft mit dem Siegel \u201eInnovativ durch Forschung\u201c.","breadcrumb":{"@id":"https:\/\/www.profil-global.com\/de\/profil-gewinnt-den-preis-innovativ-durch-forschung\/#breadcrumb"},"inLanguage":"de-DE","potentialAction":[{"@type":"ReadAction","target":["https:\/\/www.profil-global.com\/de\/profil-gewinnt-den-preis-innovativ-durch-forschung\/"]}]},{"@type":"ImageObject","inLanguage":"de-DE","@id":"https:\/\/www.profil-global.com\/de\/profil-gewinnt-den-preis-innovativ-durch-forschung\/#primaryimage","url":"https:\/\/www.profil-global.com\/wp-content\/uploads\/2024\/06\/Forschung_und_Entwicklung_2020_print.png","contentUrl":"https:\/\/www.profil-global.com\/wp-content\/uploads\/2024\/06\/Forschung_und_Entwicklung_2020_print.png","width":591,"height":495},{"@type":"BreadcrumbList","@id":"https:\/\/www.profil-global.com\/de\/profil-gewinnt-den-preis-innovativ-durch-forschung\/#breadcrumb","itemListElement":[{"@type":"ListItem","position":1,"name":"Home","item":"https:\/\/www.profil-global.com\/de\/"},{"@type":"ListItem","position":2,"name":"PROFIL gewinnt den Preis \u201eInnovativ durch Forschung\u201c"}]},{"@type":"WebSite","@id":"https:\/\/www.profil-global.com\/de\/#website","url":"https:\/\/www.profil-global.com\/de\/","name":"PROFIL\u00ae fastening technology","description":"","potentialAction":[{"@type":"SearchAction","target":{"@type":"EntryPoint","urlTemplate":"https:\/\/www.profil-global.com\/de\/?s={search_term_string}"},"query-input":{"@type":"PropertyValueSpecification","valueRequired":true,"valueName":"search_term_string"}}],"inLanguage":"de-DE"},{"@type":"Person","@id":"https:\/\/www.profil-global.com\/de\/#\/schema\/person\/2a67c1070865db3f2297d04dd4d9cc1f","name":"Miriam Sparrowhawk","image":{"@type":"ImageObject","inLanguage":"de-DE","@id":"https:\/\/www.profil-global.com\/de\/#\/schema\/person\/image\/","url":"https:\/\/secure.gravatar.com\/avatar\/d3476485845ed82d268d3bb2491e550c0016f6b813d3050dc5edcc19132806b6?s=96&d=mm&r=g","contentUrl":"https:\/\/secure.gravatar.com\/avatar\/d3476485845ed82d268d3bb2491e550c0016f6b813d3050dc5edcc19132806b6?s=96&d=mm&r=g","caption":"Miriam Sparrowhawk"},"url":"https:\/\/www.profil-global.com\/de\/author\/msparrowhawk\/"}]}},"_links":{"self":[{"href":"https:\/\/www.profil-global.com\/de\/wp-json\/wp\/v2\/posts\/2092","targetHints":{"allow":["GET"]}}],"collection":[{"href":"https:\/\/www.profil-global.com\/de\/wp-json\/wp\/v2\/posts"}],"about":[{"href":"https:\/\/www.profil-global.com\/de\/wp-json\/wp\/v2\/types\/post"}],"author":[{"embeddable":true,"href":"https:\/\/www.profil-global.com\/de\/wp-json\/wp\/v2\/users\/4"}],"replies":[{"embeddable":true,"href":"https:\/\/www.profil-global.com\/de\/wp-json\/wp\/v2\/comments?post=2092"}],"version-history":[{"count":4,"href":"https:\/\/www.profil-global.com\/de\/wp-json\/wp\/v2\/posts\/2092\/revisions"}],"predecessor-version":[{"id":5120,"href":"https:\/\/www.profil-global.com\/de\/wp-json\/wp\/v2\/posts\/2092\/revisions\/5120"}],"wp:featuredmedia":[{"embeddable":true,"href":"https:\/\/www.profil-global.com\/de\/wp-json\/wp\/v2\/media\/2093"}],"wp:attachment":[{"href":"https:\/\/www.profil-global.com\/de\/wp-json\/wp\/v2\/media?parent=2092"}],"wp:term":[{"taxonomy":"category","embeddable":true,"href":"https:\/\/www.profil-global.com\/de\/wp-json\/wp\/v2\/categories?post=2092"},{"taxonomy":"post_tag","embeddable":true,"href":"https:\/\/www.profil-global.com\/de\/wp-json\/wp\/v2\/tags?post=2092"}],"curies":[{"name":"wp","href":"https:\/\/api.w.org\/{rel}","templated":true}]}}